{"id":1322,"date":"2018-10-15T21:30:04","date_gmt":"2018-10-15T20:30:04","guid":{"rendered":"https:\/\/ecole-privee-getigne.fr\/?p=1322"},"modified":"2018-10-16T18:35:31","modified_gmt":"2018-10-16T17:35:31","slug":"projet-de-la-classe-le-patrimoine-toute-une-histoire","status":"publish","type":"post","link":"https:\/\/ecole-privee-getigne.fr\/?p=1322","title":{"rendered":"Projet  de la classe &lsquo;Le patrimoine, toute une histoire&rsquo;."},"content":{"rendered":"<p style=\"text-align: center;\"><strong><span style=\"color: #ff00ff;\">Quoi de neuf cette ann\u00e9e en Cm \u00e0 l&rsquo;\u00e9cole Notre- Dame ?\u00a0<\/span><\/strong><\/p>\n<p><span style=\"color: #ff00ff;\">Un projet intitul\u00e9\u00a0<em>\u00a0<strong>Le patrimoine, toute une histoire !<\/strong>\u00a0<\/em><\/span><\/p>\n<p style=\"text-align: justify;\"><span style=\"color: #000000;\"><em><strong>Objectif du projet:<\/strong>\u00a0pr\u00e9senter au concours national de &lsquo;Patrimoines en vues&rsquo; un photoreportage sur un site du patrimoine de notre commune.<\/em><\/span><\/p>\n<p><span style=\"color: #000000;\">Cette ann\u00e9e, la classe des cm1-cm2 \u00a0se transforme en salle de r\u00e9daction pour \u00e9crire,\u00a0 pr\u00e9parer, mettre en sc\u00e8ne et organiser ce photoreportage. Nous avons choisi le magnifi<\/span><span style=\"color: #000000;\">que site de la Garenne Lemot.<\/span><\/p>\n<p>3 visites \u00a0sont organis\u00e9es \u00e0 la Garenne Lemot \u00a0sur les th\u00e8mes du jardin \u00a0(jardin \u00e0 la fran\u00e7aise, jardin \u00e0 l&rsquo;anglaise), de la mythologique romaine et de l&rsquo;architecture d&rsquo;inspiration italienne romantique. L&rsquo;axe transversal \u00e0 ces 3 visites est la compr\u00e9hension par les \u00e9l\u00e8ves de la \u00a0conservation et transmission du patrimoine mat\u00e9riel et immat\u00e9riel entre les g\u00e9n\u00e9rations.<\/p>\n<p>Ce projet convoque l&rsquo;histoire, l&rsquo;histoire des arts, l&rsquo;enseignement moral et civique, l&rsquo;informatique et bien s\u00fbr le fran\u00e7ais. \u00a0Tout un programme !<\/p>\n<p>Voici quelques photos :<\/p>\n<p><a href=\"https:\/\/ecole-privee-getigne.fr\/wp-content\/uploads\/2018\/10\/photo-Groupe-Garenne-Erwann.jpg\"><img loading=\"lazy\" decoding=\"async\" class=\"alignnone size-medium wp-image-1340\" src=\"https:\/\/ecole-privee-getigne.fr\/wp-content\/uploads\/2018\/10\/photo-Groupe-Garenne-Erwann-300x225.jpg\" alt=\"\" width=\"300\" height=\"225\" srcset=\"https:\/\/ecole-privee-getigne.fr\/wp-content\/uploads\/2018\/10\/photo-Groupe-Garenne-Erwann-300x225.jpg 300w, https:\/\/ecole-privee-getigne.fr\/wp-content\/uploads\/2018\/10\/photo-Groupe-Garenne-Erwann-768x576.jpg 768w, https:\/\/ecole-privee-getigne.fr\/wp-content\/uploads\/2018\/10\/photo-Groupe-Garenne-Erwann-1024x768.jpg 1024w, https:\/\/ecole-privee-getigne.fr\/wp-content\/uploads\/2018\/10\/photo-Groupe-Garenne-Erwann.jpg 2048w\" sizes=\"(max-width: 300px) 100vw, 300px\" \/><\/a><\/p>\n\n\t\t<style type=\"text\/css\">\n\t\t\t#gallery-1 {\n\t\t\t\tmargin: auto;\n\t\t\t}\n\t\t\t#gallery-1 .gallery-item {\n\t\t\t\tfloat: left;\n\t\t\t\tmargin-top: 10px;\n\t\t\t\ttext-align: center;\n\t\t\t\twidth: 33%;\n\t\t\t}\n\t\t\t#gallery-1 img {\n\t\t\t\tborder: 2px solid #cfcfcf;\n\t\t\t}\n\t\t\t#gallery-1 .gallery-caption {\n\t\t\t\tmargin-left: 0;\n\t\t\t}\n\t\t\t\/* see gallery_shortcode() in wp-includes\/media.php *\/\n\t\t<\/style>\n\t\t<div id='gallery-1' class='gallery galleryid-1322 gallery-columns-3 gallery-size-thumbnail'><dl class='gallery-item'>\n\t\t\t<dt class='gallery-icon landscape'>\n\t\t\t\t<a href='https:\/\/ecole-privee-getigne.fr\/?attachment_id=1334#main'><img loading=\"lazy\" decoding=\"async\" width=\"150\" height=\"150\" src=\"https:\/\/ecole-privee-getigne.fr\/wp-content\/uploads\/2018\/10\/DSC00585-150x150.jpg\" class=\"attachment-thumbnail size-thumbnail\" alt=\"\" aria-describedby=\"gallery-1-1334\" \/><\/a>\n\t\t\t<\/dt>\n\t\t\t\t<dd class='wp-caption-text gallery-caption' id='gallery-1-1334'>\n\t\t\t\tAux bains de Diane\n\t\t\t\t<\/dd><\/dl><dl class='gallery-item'>\n\t\t\t<dt class='gallery-icon portrait'>\n\t\t\t\t<a href='https:\/\/ecole-privee-getigne.fr\/?attachment_id=1332#main'><img loading=\"lazy\" decoding=\"async\" width=\"150\" height=\"150\" src=\"https:\/\/ecole-privee-getigne.fr\/wp-content\/uploads\/2018\/10\/IMG_0275-150x150.jpg\" class=\"attachment-thumbnail size-thumbnail\" alt=\"\" aria-describedby=\"gallery-1-1332\" \/><\/a>\n\t\t\t<\/dt>\n\t\t\t\t<dd class='wp-caption-text gallery-caption' id='gallery-1-1332'>\n\t\t\t\tPartage\n\t\t\t\t<\/dd><\/dl><dl class='gallery-item'>\n\t\t\t<dt class='gallery-icon landscape'>\n\t\t\t\t<a href='https:\/\/ecole-privee-getigne.fr\/?attachment_id=1331#main'><img loading=\"lazy\" decoding=\"async\" width=\"150\" height=\"150\" src=\"https:\/\/ecole-privee-getigne.fr\/wp-content\/uploads\/2018\/10\/IMG_0314-150x150.jpg\" class=\"attachment-thumbnail size-thumbnail\" alt=\"\" aria-describedby=\"gallery-1-1331\" \/><\/a>\n\t\t\t<\/dt>\n\t\t\t\t<dd class='wp-caption-text gallery-caption' id='gallery-1-1331'>\n\t\t\t\tAtalante et Hippom\u00e8ne\n\t\t\t\t<\/dd><\/dl><br style=\"clear: both\" \/><dl class='gallery-item'>\n\t\t\t<dt class='gallery-icon portrait'>\n\t\t\t\t<a href='https:\/\/ecole-privee-getigne.fr\/?attachment_id=1330#main'><img loading=\"lazy\" decoding=\"async\" width=\"150\" height=\"150\" src=\"https:\/\/ecole-privee-getigne.fr\/wp-content\/uploads\/2018\/10\/DSC00471-150x150.jpg\" class=\"attachment-thumbnail size-thumbnail\" alt=\"\" aria-describedby=\"gallery-1-1330\" \/><\/a>\n\t\t\t<\/dt>\n\t\t\t\t<dd class='wp-caption-text gallery-caption' id='gallery-1-1330'>\n\t\t\t\tPetite causerie sur un banc\n\t\t\t\t<\/dd><\/dl><dl class='gallery-item'>\n\t\t\t<dt class='gallery-icon portrait'>\n\t\t\t\t<a href='https:\/\/ecole-privee-getigne.fr\/?attachment_id=1329#main'><img loading=\"lazy\" decoding=\"async\" width=\"150\" height=\"150\" src=\"https:\/\/ecole-privee-getigne.fr\/wp-content\/uploads\/2018\/10\/DSC00467-150x150.jpg\" class=\"attachment-thumbnail size-thumbnail\" alt=\"\" \/><\/a>\n\t\t\t<\/dt><\/dl><dl class='gallery-item'>\n\t\t\t<dt class='gallery-icon landscape'>\n\t\t\t\t<a href='https:\/\/ecole-privee-getigne.fr\/?attachment_id=1327#main'><img loading=\"lazy\" decoding=\"async\" width=\"150\" height=\"150\" src=\"https:\/\/ecole-privee-getigne.fr\/wp-content\/uploads\/2018\/10\/DSC00448-150x150.jpg\" class=\"attachment-thumbnail size-thumbnail\" alt=\"\" aria-describedby=\"gallery-1-1327\" \/><\/a>\n\t\t\t<\/dt>\n\t\t\t\t<dd class='wp-caption-text gallery-caption' id='gallery-1-1327'>\n\t\t\t\tLe temple de Vesta\n\t\t\t\t<\/dd><\/dl><br style=\"clear: both\" \/><dl class='gallery-item'>\n\t\t\t<dt class='gallery-icon landscape'>\n\t\t\t\t<a href='https:\/\/ecole-privee-getigne.fr\/?attachment_id=1326#main'><img loading=\"lazy\" decoding=\"async\" width=\"150\" height=\"150\" src=\"https:\/\/ecole-privee-getigne.fr\/wp-content\/uploads\/2018\/10\/DSC00440-150x150.jpg\" class=\"attachment-thumbnail size-thumbnail\" alt=\"\" aria-describedby=\"gallery-1-1326\" \/><\/a>\n\t\t\t<\/dt>\n\t\t\t\t<dd class='wp-caption-text gallery-caption' id='gallery-1-1326'>\n\t\t\t\tPerspective\n\t\t\t\t<\/dd><\/dl><dl class='gallery-item'>\n\t\t\t<dt class='gallery-icon landscape'>\n\t\t\t\t<a href='https:\/\/ecole-privee-getigne.fr\/?attachment_id=1325#main'><img loading=\"lazy\" decoding=\"async\" width=\"150\" height=\"150\" src=\"https:\/\/ecole-privee-getigne.fr\/wp-content\/uploads\/2018\/10\/DSC00433-150x150.jpg\" class=\"attachment-thumbnail size-thumbnail\" alt=\"\" aria-describedby=\"gallery-1-1325\" \/><\/a>\n\t\t\t<\/dt>\n\t\t\t\t<dd class='wp-caption-text gallery-caption' id='gallery-1-1325'>\n\t\t\t\tA l&rsquo;\u00e9coute&#8230;\n\t\t\t\t<\/dd><\/dl>\n\t\t\t<br style='clear: both' \/>\n\t\t<\/div>\n\n<p>&nbsp;<\/p>\n","protected":false},"excerpt":{"rendered":"<p>Quoi de neuf cette ann\u00e9e en Cm \u00e0 l&rsquo;\u00e9cole Notre- Dame ?\u00a0 Un projet intitul\u00e9\u00a0\u00a0Le patrimoine, toute une histoire !\u00a0 Objectif du projet:\u00a0pr\u00e9senter au concours national de &lsquo;Patrimoines en vues&rsquo; un photoreportage sur un site du patrimoine de notre commune. Cette ann\u00e9e, la classe des cm1-cm2 \u00a0se transforme en salle de r\u00e9daction pour \u00e9crire,\u00a0 pr\u00e9parer,<\/p>\n<p><a href=\"https:\/\/ecole-privee-getigne.fr\/?p=1322\" class=\"more-link themebutton\">Lire la suite<\/a><\/p>\n","protected":false},"author":5,"featured_media":0,"comment_status":"closed","ping_status":"closed","sticky":false,"template":"","format":"standard","meta":{"ngg_post_thumbnail":0,"footnotes":""},"categories":[6],"tags":[],"_links":{"self":[{"href":"https:\/\/ecole-privee-getigne.fr\/index.php?rest_route=\/wp\/v2\/posts\/1322"}],"collection":[{"href":"https:\/\/ecole-privee-getigne.fr\/index.php?rest_route=\/wp\/v2\/posts"}],"about":[{"href":"https:\/\/ecole-privee-getigne.fr\/index.php?rest_route=\/wp\/v2\/types\/post"}],"author":[{"embeddable":true,"href":"https:\/\/ecole-privee-getigne.fr\/index.php?rest_route=\/wp\/v2\/users\/5"}],"replies":[{"embeddable":true,"href":"https:\/\/ecole-privee-getigne.fr\/index.php?rest_route=%2Fwp%2Fv2%2Fcomments&post=1322"}],"version-history":[{"count":0,"href":"https:\/\/ecole-privee-getigne.fr\/index.php?rest_route=\/wp\/v2\/posts\/1322\/revisions"}],"wp:attachment":[{"href":"https:\/\/ecole-privee-getigne.fr\/index.php?rest_route=%2Fwp%2Fv2%2Fmedia&parent=1322"}],"wp:term":[{"taxonomy":"category","embeddable":true,"href":"https:\/\/ecole-privee-getigne.fr\/index.php?rest_route=%2Fwp%2Fv2%2Fcategories&post=1322"},{"taxonomy":"post_tag","embeddable":true,"href":"https:\/\/ecole-privee-getigne.fr\/index.php?rest_route=%2Fwp%2Fv2%2Ftags&post=1322"}],"curies":[{"name":"wp","href":"https:\/\/api.w.org\/{rel}","templated":true}]}}