{"id":3139,"date":"2022-10-26T22:07:26","date_gmt":"2022-10-26T20:07:26","guid":{"rendered":"https:\/\/ecole-privee-getigne.fr\/?p=3139"},"modified":"2022-11-30T22:07:50","modified_gmt":"2022-11-30T21:07:50","slug":"election-des-eco-delegues","status":"publish","type":"post","link":"https:\/\/ecole-privee-getigne.fr\/?p=3139","title":{"rendered":"\u00e9lection des \u00e9co-d\u00e9l\u00e9gu\u00e9s"},"content":{"rendered":"<p>Apr\u00e8s une belle campagne \u00e9lectorale durant laquelle tous les candidats ont pr\u00e9sent\u00e9 leur propositions et leurs r\u00e9solutions en faveur d&rsquo;un bon climat de classe, d&rsquo;une bonne communication entre tous, de projets et d&rsquo;\u00e9co-citoyennet\u00e9, 4 candidats ont \u00e9t\u00e9 \u00e9lus par le vote. Deux d\u00e9l\u00e9gu\u00e9es ont \u00e9t\u00e9 \u00e9lues : In\u00e8s pour les CE1 et LiLy pour les CE2, elles seront second\u00e9es par Thomas en CE1 et Emy en CE2.&nbsp;<\/p>\n<p>Bravo \u00e0 tous pour cet engagement.<\/p>\n<p style=\"text-align: center;\"><a href=\"https:\/\/ecole-privee-getigne.fr\/wp-content\/uploads\/2022\/11\/IMG_0313-Flou.jpg\"><img loading=\"lazy\" decoding=\"async\" class=\"alignnone size-large wp-image-3141\" src=\"https:\/\/ecole-privee-getigne.fr\/wp-content\/uploads\/2022\/11\/IMG_0313-Flou-1024x768.jpg\" alt=\"\" width=\"1024\" height=\"768\"><\/a><\/p>\n","protected":false},"excerpt":{"rendered":"<p>Apr\u00e8s une belle campagne \u00e9lectorale durant laquelle tous les candidats ont pr\u00e9sent\u00e9 leur propositions et leurs r\u00e9solutions en faveur d&rsquo;un bon climat de classe, d&rsquo;une bonne communication entre tous, de projets et d&rsquo;\u00e9co-citoyennet\u00e9, 4 candidats ont \u00e9t\u00e9 \u00e9lus par le vote. Deux d\u00e9l\u00e9gu\u00e9es ont \u00e9t\u00e9 \u00e9lues : In\u00e8s pour les CE1 et LiLy pour les<\/p>\n<p><a href=\"https:\/\/ecole-privee-getigne.fr\/?p=3139\" class=\"more-link themebutton\">Lire la suite<\/a><\/p>\n","protected":false},"author":10,"featured_media":0,"comment_status":"closed","ping_status":"closed","sticky":false,"template":"","format":"standard","meta":{"ngg_post_thumbnail":0,"footnotes":""},"categories":[24],"tags":[],"_links":{"self":[{"href":"https:\/\/ecole-privee-getigne.fr\/index.php?rest_route=\/wp\/v2\/posts\/3139"}],"collection":[{"href":"https:\/\/ecole-privee-getigne.fr\/index.php?rest_route=\/wp\/v2\/posts"}],"about":[{"href":"https:\/\/ecole-privee-getigne.fr\/index.php?rest_route=\/wp\/v2\/types\/post"}],"author":[{"embeddable":true,"href":"https:\/\/ecole-privee-getigne.fr\/index.php?rest_route=\/wp\/v2\/users\/10"}],"replies":[{"embeddable":true,"href":"https:\/\/ecole-privee-getigne.fr\/index.php?rest_route=%2Fwp%2Fv2%2Fcomments&post=3139"}],"version-history":[{"count":1,"href":"https:\/\/ecole-privee-getigne.fr\/index.php?rest_route=\/wp\/v2\/posts\/3139\/revisions"}],"predecessor-version":[{"id":3142,"href":"https:\/\/ecole-privee-getigne.fr\/index.php?rest_route=\/wp\/v2\/posts\/3139\/revisions\/3142"}],"wp:attachment":[{"href":"https:\/\/ecole-privee-getigne.fr\/index.php?rest_route=%2Fwp%2Fv2%2Fmedia&parent=3139"}],"wp:term":[{"taxonomy":"category","embeddable":true,"href":"https:\/\/ecole-privee-getigne.fr\/index.php?rest_route=%2Fwp%2Fv2%2Fcategories&post=3139"},{"taxonomy":"post_tag","embeddable":true,"href":"https:\/\/ecole-privee-getigne.fr\/index.php?rest_route=%2Fwp%2Fv2%2Ftags&post=3139"}],"curies":[{"name":"wp","href":"https:\/\/api.w.org\/{rel}","templated":true}]}}