{"id":3164,"date":"2022-12-14T09:47:26","date_gmt":"2022-12-14T08:47:26","guid":{"rendered":"https:\/\/ecole-privee-getigne.fr\/?p=3164"},"modified":"2022-12-14T09:50:31","modified_gmt":"2022-12-14T08:50:31","slug":"compagnonnage-ps-ms-cm1-cm2","status":"publish","type":"post","link":"https:\/\/ecole-privee-getigne.fr\/?p=3164","title":{"rendered":"Compagnonnage PS-MS \/ CM1-CM2"},"content":{"rendered":"<p>Depuis le d\u00e9but de l&rsquo;ann\u00e9e, les \u00e9l\u00e8ves des deux classes ont appris \u00e0 se conna\u00eetre et r\u00e9alisent ensemble diff\u00e9rentes activit\u00e9s. Ils se sont \u00e9chang\u00e9s une carte d&rsquo;identit\u00e9 sur laquelle ils se sont pr\u00e9sent\u00e9s.<\/p>\n<p>En lien avec notre projet d&rsquo;ann\u00e9e \u00ab\u00a0Nature et Arts\u00a0\u00bb, les bin\u00f4mes ont d\u00e9couvert les diff\u00e9rentes \u0153uvres r\u00e9alis\u00e9es dans la BCD.<\/p>\n<p>Ils ont aussi activement pr\u00e9par\u00e9 le march\u00e9 de No\u00ebl en confectionnant des d\u00e9corations de table et des gourmandises de No\u00ebl.<\/p>\n<p>Chaque mois, petits et grands se retrouvent aussi pour un temps de lecture privil\u00e9gi\u00e9.<\/p>\n<p>De plus, chaque matin, un groupe de CM vient vivre le temps d&rsquo;accueil avec les plus jeunes. Ils profitent de ce temps pour jouer ensemble, lire des histoires, dessiner&#8230;Les grands sortent ensuite les v\u00e9los et les trottinettes sur la cour des maternelles pour leur r\u00e9cr\u00e9ation. Ils viennent aussi installer les lits le midi avant d&rsquo;aller d\u00e9jeuner.<\/p>\n\n\t\t<style type=\"text\/css\">\n\t\t\t#gallery-1 {\n\t\t\t\tmargin: auto;\n\t\t\t}\n\t\t\t#gallery-1 .gallery-item {\n\t\t\t\tfloat: left;\n\t\t\t\tmargin-top: 10px;\n\t\t\t\ttext-align: center;\n\t\t\t\twidth: 33%;\n\t\t\t}\n\t\t\t#gallery-1 img {\n\t\t\t\tborder: 2px solid #cfcfcf;\n\t\t\t}\n\t\t\t#gallery-1 .gallery-caption {\n\t\t\t\tmargin-left: 0;\n\t\t\t}\n\t\t\t\/* see gallery_shortcode() in wp-includes\/media.php *\/\n\t\t<\/style>\n\t\t<div id='gallery-1' class='gallery galleryid-3164 gallery-columns-3 gallery-size-thumbnail'><dl class='gallery-item'>\n\t\t\t<dt class='gallery-icon landscape'>\n\t\t\t\t<a href='https:\/\/ecole-privee-getigne.fr\/?attachment_id=3165#main'><img loading=\"lazy\" decoding=\"async\" width=\"150\" height=\"150\" src=\"https:\/\/ecole-privee-getigne.fr\/wp-content\/uploads\/2022\/12\/IMG_3960-150x150.jpg\" class=\"attachment-thumbnail size-thumbnail\" alt=\"\" \/><\/a>\n\t\t\t<\/dt><\/dl><dl class='gallery-item'>\n\t\t\t<dt class='gallery-icon landscape'>\n\t\t\t\t<a href='https:\/\/ecole-privee-getigne.fr\/?attachment_id=3166#main'><img loading=\"lazy\" decoding=\"async\" width=\"150\" height=\"150\" src=\"https:\/\/ecole-privee-getigne.fr\/wp-content\/uploads\/2022\/12\/IMG_3962-150x150.jpg\" class=\"attachment-thumbnail size-thumbnail\" alt=\"\" \/><\/a>\n\t\t\t<\/dt><\/dl><dl class='gallery-item'>\n\t\t\t<dt class='gallery-icon portrait'>\n\t\t\t\t<a href='https:\/\/ecole-privee-getigne.fr\/?attachment_id=3167#main'><img loading=\"lazy\" decoding=\"async\" width=\"150\" height=\"150\" src=\"https:\/\/ecole-privee-getigne.fr\/wp-content\/uploads\/2022\/12\/IMG_3981-150x150.jpg\" class=\"attachment-thumbnail size-thumbnail\" alt=\"\" \/><\/a>\n\t\t\t<\/dt><\/dl><br style=\"clear: both\" \/><dl class='gallery-item'>\n\t\t\t<dt class='gallery-icon portrait'>\n\t\t\t\t<a href='https:\/\/ecole-privee-getigne.fr\/?attachment_id=3168#main'><img loading=\"lazy\" decoding=\"async\" width=\"150\" height=\"150\" src=\"https:\/\/ecole-privee-getigne.fr\/wp-content\/uploads\/2022\/12\/IMG_3982-150x150.jpg\" class=\"attachment-thumbnail size-thumbnail\" alt=\"\" \/><\/a>\n\t\t\t<\/dt><\/dl><dl class='gallery-item'>\n\t\t\t<dt class='gallery-icon landscape'>\n\t\t\t\t<a href='https:\/\/ecole-privee-getigne.fr\/?attachment_id=3169#main'><img loading=\"lazy\" decoding=\"async\" width=\"150\" height=\"150\" src=\"https:\/\/ecole-privee-getigne.fr\/wp-content\/uploads\/2022\/12\/IMG_3985-150x150.jpg\" class=\"attachment-thumbnail size-thumbnail\" alt=\"\" \/><\/a>\n\t\t\t<\/dt><\/dl><dl class='gallery-item'>\n\t\t\t<dt class='gallery-icon landscape'>\n\t\t\t\t<a href='https:\/\/ecole-privee-getigne.fr\/?attachment_id=3170#main'><img loading=\"lazy\" decoding=\"async\" width=\"150\" height=\"150\" src=\"https:\/\/ecole-privee-getigne.fr\/wp-content\/uploads\/2022\/12\/Capture-decran-2022-12-14-093618-150x150.png\" class=\"attachment-thumbnail size-thumbnail\" alt=\"\" \/><\/a>\n\t\t\t<\/dt><\/dl><br style=\"clear: both\" \/><dl class='gallery-item'>\n\t\t\t<dt class='gallery-icon portrait'>\n\t\t\t\t<a href='https:\/\/ecole-privee-getigne.fr\/?attachment_id=3171#main'><img loading=\"lazy\" decoding=\"async\" width=\"150\" height=\"150\" src=\"https:\/\/ecole-privee-getigne.fr\/wp-content\/uploads\/2022\/12\/20221110_111333-150x150.jpg\" class=\"attachment-thumbnail size-thumbnail\" alt=\"\" \/><\/a>\n\t\t\t<\/dt><\/dl><dl class='gallery-item'>\n\t\t\t<dt class='gallery-icon portrait'>\n\t\t\t\t<a href='https:\/\/ecole-privee-getigne.fr\/?attachment_id=3172#main'><img loading=\"lazy\" decoding=\"async\" width=\"150\" height=\"150\" src=\"https:\/\/ecole-privee-getigne.fr\/wp-content\/uploads\/2022\/12\/20221129_152622-150x150.jpg\" class=\"attachment-thumbnail size-thumbnail\" alt=\"\" \/><\/a>\n\t\t\t<\/dt><\/dl><dl class='gallery-item'>\n\t\t\t<dt class='gallery-icon portrait'>\n\t\t\t\t<a href='https:\/\/ecole-privee-getigne.fr\/?attachment_id=3173#main'><img loading=\"lazy\" decoding=\"async\" width=\"150\" height=\"150\" src=\"https:\/\/ecole-privee-getigne.fr\/wp-content\/uploads\/2022\/12\/20221122_085525-150x150.jpg\" class=\"attachment-thumbnail size-thumbnail\" alt=\"\" \/><\/a>\n\t\t\t<\/dt><\/dl><br style=\"clear: both\" \/>\n\t\t<\/div>\n\n<p>&nbsp;<\/p>\n<p>&nbsp;<\/p>\n","protected":false},"excerpt":{"rendered":"<p>Depuis le d\u00e9but de l&rsquo;ann\u00e9e, les \u00e9l\u00e8ves des deux classes ont appris \u00e0 se conna\u00eetre et r\u00e9alisent ensemble diff\u00e9rentes activit\u00e9s. Ils se sont \u00e9chang\u00e9s une carte d&rsquo;identit\u00e9 sur laquelle ils se sont pr\u00e9sent\u00e9s. En lien avec notre projet d&rsquo;ann\u00e9e \u00ab\u00a0Nature et Arts\u00a0\u00bb, les bin\u00f4mes ont d\u00e9couvert les diff\u00e9rentes \u0153uvres r\u00e9alis\u00e9es dans la BCD. Ils ont<\/p>\n<p><a href=\"https:\/\/ecole-privee-getigne.fr\/?p=3164\" class=\"more-link themebutton\">Lire la suite<\/a><\/p>\n","protected":false},"author":13,"featured_media":3167,"comment_status":"closed","ping_status":"closed","sticky":false,"template":"","format":"standard","meta":{"ngg_post_thumbnail":0,"footnotes":""},"categories":[18,7],"tags":[],"_links":{"self":[{"href":"https:\/\/ecole-privee-getigne.fr\/index.php?rest_route=\/wp\/v2\/posts\/3164"}],"collection":[{"href":"https:\/\/ecole-privee-getigne.fr\/index.php?rest_route=\/wp\/v2\/posts"}],"about":[{"href":"https:\/\/ecole-privee-getigne.fr\/index.php?rest_route=\/wp\/v2\/types\/post"}],"author":[{"embeddable":true,"href":"https:\/\/ecole-privee-getigne.fr\/index.php?rest_route=\/wp\/v2\/users\/13"}],"replies":[{"embeddable":true,"href":"https:\/\/ecole-privee-getigne.fr\/index.php?rest_route=%2Fwp%2Fv2%2Fcomments&post=3164"}],"version-history":[{"count":1,"href":"https:\/\/ecole-privee-getigne.fr\/index.php?rest_route=\/wp\/v2\/posts\/3164\/revisions"}],"predecessor-version":[{"id":3174,"href":"https:\/\/ecole-privee-getigne.fr\/index.php?rest_route=\/wp\/v2\/posts\/3164\/revisions\/3174"}],"wp:featuredmedia":[{"embeddable":true,"href":"https:\/\/ecole-privee-getigne.fr\/index.php?rest_route=\/wp\/v2\/media\/3167"}],"wp:attachment":[{"href":"https:\/\/ecole-privee-getigne.fr\/index.php?rest_route=%2Fwp%2Fv2%2Fmedia&parent=3164"}],"wp:term":[{"taxonomy":"category","embeddable":true,"href":"https:\/\/ecole-privee-getigne.fr\/index.php?rest_route=%2Fwp%2Fv2%2Fcategories&post=3164"},{"taxonomy":"post_tag","embeddable":true,"href":"https:\/\/ecole-privee-getigne.fr\/index.php?rest_route=%2Fwp%2Fv2%2Ftags&post=3164"}],"curies":[{"name":"wp","href":"https:\/\/api.w.org\/{rel}","templated":true}]}}