{"id":3176,"date":"2022-12-28T17:12:45","date_gmt":"2022-12-28T16:12:45","guid":{"rendered":"https:\/\/ecole-privee-getigne.fr\/?p=3176"},"modified":"2022-12-28T17:39:34","modified_gmt":"2022-12-28T16:39:34","slug":"temps-fort-de-noel","status":"publish","type":"post","link":"https:\/\/ecole-privee-getigne.fr\/?p=3176","title":{"rendered":"Temps fort de No\u00ebl"},"content":{"rendered":"<p>Avec toute l&rsquo;\u00e9cole, nous avons particip\u00e9 \u00e0 un temps fort sur le th\u00e8me de No\u00ebl.<\/p>\n<p>Nous nous sommes rendus \u00e0 l&rsquo;\u00e9glise pour voir la cr\u00e8che, \u00e9couter l&rsquo;histoire de la naissance de J\u00e9sus gr\u00e2ce au conte \u00ab\u00a0La folle nuit de l&rsquo;aubergiste\u00a0\u00bb et chanter le chant \u00ab\u00a0Accueillir J\u00e9sus!\u00a0\u00bb<\/p>\n<p>L&rsquo;occasion pour nous de poser des questions aux adultes : \u00ab\u00a0Qui est J\u00e9sus?\u00a0\u00bb , \u00ab\u00a0Est-ce qu&rsquo;on va le voir?\u00a0\u00bb, \u00ab\u00a0C&rsquo;est qui sa maman?\u00a0\u00bb , \u00ab\u00a0Pourquoi il est n\u00e9 dans la paille?\u00a0\u00bb<\/p>\n<p>Ensuite, de retour \u00e0 l&rsquo;\u00e9cole, nous avons \u00e9chang\u00e9 nos cartes de v\u0153ux.<\/p>\n\n\t\t<style type=\"text\/css\">\n\t\t\t#gallery-1 {\n\t\t\t\tmargin: auto;\n\t\t\t}\n\t\t\t#gallery-1 .gallery-item {\n\t\t\t\tfloat: left;\n\t\t\t\tmargin-top: 10px;\n\t\t\t\ttext-align: center;\n\t\t\t\twidth: 50%;\n\t\t\t}\n\t\t\t#gallery-1 img {\n\t\t\t\tborder: 2px solid #cfcfcf;\n\t\t\t}\n\t\t\t#gallery-1 .gallery-caption {\n\t\t\t\tmargin-left: 0;\n\t\t\t}\n\t\t\t\/* see gallery_shortcode() in wp-includes\/media.php *\/\n\t\t<\/style>\n\t\t<div id='gallery-1' class='gallery galleryid-3176 gallery-columns-2 gallery-size-full'><dl class='gallery-item'>\n\t\t\t<dt class='gallery-icon landscape'>\n\t\t\t\t<a href='https:\/\/ecole-privee-getigne.fr\/?attachment_id=3181#main'><img loading=\"lazy\" decoding=\"async\" width=\"2560\" height=\"1440\" src=\"https:\/\/ecole-privee-getigne.fr\/wp-content\/uploads\/2022\/12\/1671702390093-scaled.jpg\" class=\"attachment-full size-full\" alt=\"\" srcset=\"https:\/\/ecole-privee-getigne.fr\/wp-content\/uploads\/2022\/12\/1671702390093-scaled.jpg 2560w, https:\/\/ecole-privee-getigne.fr\/wp-content\/uploads\/2022\/12\/1671702390093-300x169.jpg 300w, https:\/\/ecole-privee-getigne.fr\/wp-content\/uploads\/2022\/12\/1671702390093-1024x576.jpg 1024w, https:\/\/ecole-privee-getigne.fr\/wp-content\/uploads\/2022\/12\/1671702390093-768x432.jpg 768w, https:\/\/ecole-privee-getigne.fr\/wp-content\/uploads\/2022\/12\/1671702390093-1536x864.jpg 1536w, https:\/\/ecole-privee-getigne.fr\/wp-content\/uploads\/2022\/12\/1671702390093-2048x1152.jpg 2048w\" sizes=\"(max-width: 2560px) 100vw, 2560px\" \/><\/a>\n\t\t\t<\/dt><\/dl><dl class='gallery-item'>\n\t\t\t<dt class='gallery-icon landscape'>\n\t\t\t\t<a href='https:\/\/ecole-privee-getigne.fr\/?attachment_id=3180#main'><img loading=\"lazy\" decoding=\"async\" width=\"2560\" height=\"1440\" src=\"https:\/\/ecole-privee-getigne.fr\/wp-content\/uploads\/2022\/12\/1671702390067-scaled.jpg\" class=\"attachment-full size-full\" alt=\"\" srcset=\"https:\/\/ecole-privee-getigne.fr\/wp-content\/uploads\/2022\/12\/1671702390067-scaled.jpg 2560w, https:\/\/ecole-privee-getigne.fr\/wp-content\/uploads\/2022\/12\/1671702390067-300x169.jpg 300w, https:\/\/ecole-privee-getigne.fr\/wp-content\/uploads\/2022\/12\/1671702390067-1024x576.jpg 1024w, https:\/\/ecole-privee-getigne.fr\/wp-content\/uploads\/2022\/12\/1671702390067-768x432.jpg 768w, https:\/\/ecole-privee-getigne.fr\/wp-content\/uploads\/2022\/12\/1671702390067-1536x864.jpg 1536w, https:\/\/ecole-privee-getigne.fr\/wp-content\/uploads\/2022\/12\/1671702390067-2048x1152.jpg 2048w\" sizes=\"(max-width: 2560px) 100vw, 2560px\" \/><\/a>\n\t\t\t<\/dt><\/dl><br style=\"clear: both\" \/><dl class='gallery-item'>\n\t\t\t<dt class='gallery-icon landscape'>\n\t\t\t\t<a href='https:\/\/ecole-privee-getigne.fr\/?attachment_id=3179#main'><img loading=\"lazy\" decoding=\"async\" width=\"2560\" height=\"1440\" src=\"https:\/\/ecole-privee-getigne.fr\/wp-content\/uploads\/2022\/12\/1671702390037-scaled.jpg\" class=\"attachment-full size-full\" alt=\"\" srcset=\"https:\/\/ecole-privee-getigne.fr\/wp-content\/uploads\/2022\/12\/1671702390037-scaled.jpg 2560w, https:\/\/ecole-privee-getigne.fr\/wp-content\/uploads\/2022\/12\/1671702390037-300x169.jpg 300w, https:\/\/ecole-privee-getigne.fr\/wp-content\/uploads\/2022\/12\/1671702390037-1024x576.jpg 1024w, https:\/\/ecole-privee-getigne.fr\/wp-content\/uploads\/2022\/12\/1671702390037-768x432.jpg 768w, https:\/\/ecole-privee-getigne.fr\/wp-content\/uploads\/2022\/12\/1671702390037-1536x864.jpg 1536w, https:\/\/ecole-privee-getigne.fr\/wp-content\/uploads\/2022\/12\/1671702390037-2048x1152.jpg 2048w\" sizes=\"(max-width: 2560px) 100vw, 2560px\" \/><\/a>\n\t\t\t<\/dt><\/dl>\n\t\t\t<br style='clear: both' \/>\n\t\t<\/div>\n\n","protected":false},"excerpt":{"rendered":"<p>Avec toute l&rsquo;\u00e9cole, nous avons particip\u00e9 \u00e0 un temps fort sur le th\u00e8me de No\u00ebl. Nous nous sommes rendus \u00e0 l&rsquo;\u00e9glise pour voir la cr\u00e8che, \u00e9couter l&rsquo;histoire de la naissance de J\u00e9sus gr\u00e2ce au conte \u00ab\u00a0La folle nuit de l&rsquo;aubergiste\u00a0\u00bb et chanter le chant \u00ab\u00a0Accueillir J\u00e9sus!\u00a0\u00bb L&rsquo;occasion pour nous de poser des questions aux adultes<\/p>\n<p><a href=\"https:\/\/ecole-privee-getigne.fr\/?p=3176\" class=\"more-link themebutton\">Lire la suite<\/a><\/p>\n","protected":false},"author":2,"featured_media":0,"comment_status":"closed","ping_status":"closed","sticky":false,"template":"","format":"standard","meta":{"ngg_post_thumbnail":0,"footnotes":""},"categories":[25],"tags":[],"_links":{"self":[{"href":"https:\/\/ecole-privee-getigne.fr\/index.php?rest_route=\/wp\/v2\/posts\/3176"}],"collection":[{"href":"https:\/\/ecole-privee-getigne.fr\/index.php?rest_route=\/wp\/v2\/posts"}],"about":[{"href":"https:\/\/ecole-privee-getigne.fr\/index.php?rest_route=\/wp\/v2\/types\/post"}],"author":[{"embeddable":true,"href":"https:\/\/ecole-privee-getigne.fr\/index.php?rest_route=\/wp\/v2\/users\/2"}],"replies":[{"embeddable":true,"href":"https:\/\/ecole-privee-getigne.fr\/index.php?rest_route=%2Fwp%2Fv2%2Fcomments&post=3176"}],"version-history":[{"count":3,"href":"https:\/\/ecole-privee-getigne.fr\/index.php?rest_route=\/wp\/v2\/posts\/3176\/revisions"}],"predecessor-version":[{"id":3192,"href":"https:\/\/ecole-privee-getigne.fr\/index.php?rest_route=\/wp\/v2\/posts\/3176\/revisions\/3192"}],"wp:attachment":[{"href":"https:\/\/ecole-privee-getigne.fr\/index.php?rest_route=%2Fwp%2Fv2%2Fmedia&parent=3176"}],"wp:term":[{"taxonomy":"category","embeddable":true,"href":"https:\/\/ecole-privee-getigne.fr\/index.php?rest_route=%2Fwp%2Fv2%2Fcategories&post=3176"},{"taxonomy":"post_tag","embeddable":true,"href":"https:\/\/ecole-privee-getigne.fr\/index.php?rest_route=%2Fwp%2Fv2%2Ftags&post=3176"}],"curies":[{"name":"wp","href":"https:\/\/api.w.org\/{rel}","templated":true}]}}