{"id":3200,"date":"2023-01-08T21:53:09","date_gmt":"2023-01-08T20:53:09","guid":{"rendered":"https:\/\/ecole-privee-getigne.fr\/?p=3200"},"modified":"2023-01-08T21:53:09","modified_gmt":"2023-01-08T20:53:09","slug":"3200","status":"publish","type":"post","link":"https:\/\/ecole-privee-getigne.fr\/?p=3200","title":{"rendered":""},"content":{"rendered":"<p><span style=\"color: #008000;\"><strong>A l\u2019\u00e9cole, \u2026 l\u2019hiver est doux&nbsp; &nbsp;<\/strong><\/span><\/p>\n<p>A l\u2019\u00e9cole Notre Dame la vie est douce pour les enfants car chacun s\u2019emploie \u00e0 \u00eatre bienveillant, \u00e0 se respecter et \u00e0 \u00e9changer.<\/p>\n<p><span style=\"color: #008000;\">On prend soin des autres chaque jour gr\u00e2ce aux parrainages entre petits et grands<\/span> (filleuls et parrains\/marraines) qui adorent partager la lecture d\u2019histoires en petits groupes et jouer aux ateliers d\u2019accueil du matin. Ils se retrouveront pour la cr\u00e9ation d\u2019\u0153uvres dans le cadre du projet p\u00e9dagogique de l\u2019ann\u00e9e cet hiver et au printemps&nbsp;: Nature et Art.<\/p>\n<p><span style=\"color: #008000;\">On prend soin de la nature et de la biodiversit\u00e9<\/span> car les 4 mangeoires et 5 nichoirs construits par les plus grands ont \u00e9t\u00e9 install\u00e9s dans la cour des Tilleuls, dans la cour des fleurs et la cour des fleurs bleues. Les 27 \u00e9co-d\u00e9l\u00e9gu\u00e9s de l\u2019\u00e9cole ont pour mission d\u2019assurer l\u2019approvisionnement en graines et en mat\u00e9riaux de construction des nids.<\/p>\n<p>L\u2019\u00e9cole entame les d\u00e9marches pour devenir un <span style=\"color: #008000;\">Refuge LPO pour les oiseaux.<\/span> Nous serons bient\u00f4t pr\u00eats&nbsp;!&nbsp;<\/p>\n<p><span style=\"color: #008000;\">En maternelle, les Toutes Petites Sections pourront faire leur premi\u00e8re rentr\u00e9e en janvier<\/span> apr\u00e8s le temps d\u2019accueil qui leur est propos\u00e9 en petits groupes depuis le mois de d\u00e9cembre. Nous offrirons ce choix aux familles qui le souhaitent au printemps afin que chaque enfant se sente en confiance. Toutes les classes de maternelle se lancent dans le projet&nbsp;\u2018Le Petit Ecrivain\u2019. Les enfants vont commencer l\u2019\u00e9criture d\u2019un recueil de contes en lien avec le projet Nature et Art.<\/p>\n<p>Les classes de cycle 2 vont prolonger le projet Mini Big Forest initi\u00e9 par la commune car dans le cadre de la labellisation Eco Ecole, nous sommes invit\u00e9s \u00e0 participer au projet <span style=\"color: #008000;\">\u2018La For\u00eat s\u2019invite \u00e0 l\u2019\u00e9cole\u2019.<\/span><\/p>\n<p>Les \u00e9l\u00e8ves de CM poursuivent le projet <span style=\"color: #008000;\">Aire Terrestre Educative<\/span> soutenu par l\u2019Office Fran\u00e7ais de la Biodiversit\u00e9 et feront une 4<sup>\u00e8me<\/sup> et 5<sup>\u00e8me<\/sup> visite d\u2019\u00e9tude sur le site avec notre intervenant en janvier et f\u00e9vrier. Le Conseil de la Terre va voir le jour courant janvier.<\/p>\n<p>Ils pr\u00e9parent activement leur <span style=\"color: #008000;\">classe d\u00e9couverte en Bretagne sur le th\u00e8me des contes et de la nature<\/span> dans un centre d\u2019h\u00e9bergement respectueux des valeurs que l\u2019\u00e9cole porte&nbsp;: mettre en mots et en action la p\u00e9dagogie de projet par le d\u00e9veloppement durable, la biodiversit\u00e9, le bien-\u00eatre, le vivre ensemble, l\u2019\u00e9criture et la lecture de contes au coin du feu de la grande chemin\u00e9e, \u00e0 la lueur de quelques bougies.<\/p>\n<p><strong><span style=\"color: #008000;\">C\u2019est dans une atmosph\u00e8re cocooning que nous traversons l\u2019hiver, tous ensemble, bien ensemble.<\/span><\/strong><\/p>\n<p>Toute la communaut\u00e9 \u00e9ducative de l\u2019\u00e9cole Notre Dame vous offre ses meilleurs v\u0153ux pour la nouvelle ann\u00e9e 2023. Prenons soins des autres et de la nature.<\/p>\n<p>&nbsp;<\/p>\n","protected":false},"excerpt":{"rendered":"<p>A l\u2019\u00e9cole, \u2026 l\u2019hiver est doux&nbsp; &nbsp; A l\u2019\u00e9cole Notre Dame la vie est douce pour les enfants car chacun s\u2019emploie \u00e0 \u00eatre bienveillant, \u00e0 se respecter et \u00e0 \u00e9changer. On prend soin des autres chaque jour gr\u00e2ce aux parrainages entre petits et grands (filleuls et parrains\/marraines) qui adorent partager la lecture d\u2019histoires en petits<\/p>\n<p><a href=\"https:\/\/ecole-privee-getigne.fr\/?p=3200\" class=\"more-link themebutton\">Lire la suite<\/a><\/p>\n","protected":false},"author":5,"featured_media":0,"comment_status":"closed","ping_status":"closed","sticky":false,"template":"","format":"standard","meta":{"ngg_post_thumbnail":0,"footnotes":""},"categories":[27],"tags":[],"_links":{"self":[{"href":"https:\/\/ecole-privee-getigne.fr\/index.php?rest_route=\/wp\/v2\/posts\/3200"}],"collection":[{"href":"https:\/\/ecole-privee-getigne.fr\/index.php?rest_route=\/wp\/v2\/posts"}],"about":[{"href":"https:\/\/ecole-privee-getigne.fr\/index.php?rest_route=\/wp\/v2\/types\/post"}],"author":[{"embeddable":true,"href":"https:\/\/ecole-privee-getigne.fr\/index.php?rest_route=\/wp\/v2\/users\/5"}],"replies":[{"embeddable":true,"href":"https:\/\/ecole-privee-getigne.fr\/index.php?rest_route=%2Fwp%2Fv2%2Fcomments&post=3200"}],"version-history":[{"count":1,"href":"https:\/\/ecole-privee-getigne.fr\/index.php?rest_route=\/wp\/v2\/posts\/3200\/revisions"}],"predecessor-version":[{"id":3201,"href":"https:\/\/ecole-privee-getigne.fr\/index.php?rest_route=\/wp\/v2\/posts\/3200\/revisions\/3201"}],"wp:attachment":[{"href":"https:\/\/ecole-privee-getigne.fr\/index.php?rest_route=%2Fwp%2Fv2%2Fmedia&parent=3200"}],"wp:term":[{"taxonomy":"category","embeddable":true,"href":"https:\/\/ecole-privee-getigne.fr\/index.php?rest_route=%2Fwp%2Fv2%2Fcategories&post=3200"},{"taxonomy":"post_tag","embeddable":true,"href":"https:\/\/ecole-privee-getigne.fr\/index.php?rest_route=%2Fwp%2Fv2%2Ftags&post=3200"}],"curies":[{"name":"wp","href":"https:\/\/api.w.org\/{rel}","templated":true}]}}